{"id":2686,"date":"2026-08-02T17:06:40","date_gmt":"2026-08-02T17:06:40","guid":{"rendered":"https:\/\/ibartesaghi.com\/wp\/?p=2686"},"modified":"2026-08-02T17:06:41","modified_gmt":"2026-08-02T17:06:41","slug":"bartesaghi-uruguay-tiene-que-seguir-sosteniendo-su-estrategia-regional-ante-el-acuerdo-con-la-union-europea","status":"publish","type":"post","link":"https:\/\/ibartesaghi.com\/wp\/2026\/08\/02\/bartesaghi-uruguay-tiene-que-seguir-sosteniendo-su-estrategia-regional-ante-el-acuerdo-con-la-union-europea\/","title":{"rendered":"Bartesaghi: \u201cUruguay tiene que seguir sosteniendo su estrategia regional\u201d ante el acuerdo con la Uni\u00f3n Europea"},"content":{"rendered":"<div class=\"vlp-link-container vlp-template-default wp-block-visual-link-preview-link\">\n\t<a href=\"https:\/\/www.cronicas.com.uy\/news-69583-bartesaghi-uruguay-tiene-que-seguir-sosteniendo-su-estrategia-regional-ante-el-acuerdo-con-la-union-europea\" class=\"vlp-link\" title=\"Bartesaghi: \u201cUruguay tiene que seguir sosteniendo su estrategia regional\u201d ante el acuerdo con la Uni\u00f3n Europea\" rel=\"nofollow\" target=\"_blank\"><\/a>\t\t<div class=\"vlp-link-image-container\">\n\t\t<div class=\"vlp-link-image\">\n\t\t\t<img decoding=\"async\" src=\"https:\/\/www.cronicas.com.uy\/uploads\/64712-Bartesaghi-2.png\" style=\"max-width: 150px; max-height: 150px\" \/>\t\t<\/div>\n\t<\/div>\n\t\t<div class=\"vlp-link-text-container\">\n\t\t\t\t<div class=\"vlp-link-title\">\n\t\t\tBartesaghi: \u201cUruguay tiene que seguir sosteniendo su estrategia regional\u201d ante el acuerdo con la Uni\u00f3n Europea\t\t<\/div>\n\t\t\t\t\t\t<div class=\"vlp-link-summary\">\n\t\t\tIgnacio Bartesaghi, director del Instituto de Negocios Internacionales de la Universidad Cat\u00f3lica del Uruguay, dialog\u00f3 con CR\u00d3NICAS acerca del acuerdo entre la Uni\u00f3n Europea (UE) y el Mercosur. El especialista afirm\u00f3 que, si bien representa una oportunidad clave para ampliar las exportaciones uruguayas, su impacto depender\u00e1 de la capacidad del pa\u00eds para mejorar su competitividad. Sostuvo adem\u00e1s que ser\u00e1 necesario avanzar en reformas que permitan aprovechar las nuevas oportunidades comerciales.\t\t<\/div>\n\t\t\t<\/div>\n<\/div>\n","protected":false},"excerpt":{"rendered":"","protected":false},"author":3,"featured_media":2025,"comment_status":"closed","ping_status":"open","sticky":false,"template":"","format":"standard","meta":{"_monsterinsights_skip_tracking":false,"_monsterinsights_sitenote_active":false,"_monsterinsights_sitenote_note":"","_monsterinsights_sitenote_category":0,"spay_email":""},"categories":[11,44,91,14],"tags":[],"jetpack_featured_media_url":"https:\/\/ibartesaghi.com\/wp\/wp-content\/uploads\/2023\/07\/Montevideo-Portal.jpg","yoast_head":"<!-- This site is optimized with the Yoast SEO plugin v15.9 - https:\/\/yoast.com\/wordpress\/plugins\/seo\/ -->\n<title>Bartesaghi: \u201cUruguay tiene que seguir sosteniendo su estrategia regional\u201d ante el acuerdo con la Uni\u00f3n Europea - Ignacio Bartesaghi<\/title>\n<meta name=\"description\" content=\"Bartesaghi analiza los principales desaf\u00edos que enfrenta Uruguay en sus relaciones externas.\" \/>\n<meta name=\"robots\" content=\"index, follow, max-snippet:-1, max-image-preview:large, max-video-preview:-1\" \/>\n<link rel=\"canonical\" href=\"https:\/\/ibartesaghi.com\/wp\/2026\/08\/02\/bartesaghi-uruguay-tiene-que-seguir-sosteniendo-su-estrategia-regional-ante-el-acuerdo-con-la-union-europea\/\" \/>\n<meta property=\"og:locale\" content=\"es_ES\" \/>\n<meta property=\"og:type\" content=\"article\" \/>\n<meta property=\"og:title\" content=\"Bartesaghi: \u201cUruguay tiene que seguir sosteniendo su estrategia regional\u201d ante el acuerdo con la Uni\u00f3n Europea - Ignacio Bartesaghi\" \/>\n<meta property=\"og:description\" content=\"Bartesaghi analiza los principales desaf\u00edos que enfrenta Uruguay en sus relaciones externas.\" \/>\n<meta property=\"og:url\" content=\"https:\/\/ibartesaghi.com\/wp\/2026\/08\/02\/bartesaghi-uruguay-tiene-que-seguir-sosteniendo-su-estrategia-regional-ante-el-acuerdo-con-la-union-europea\/\" \/>\n<meta property=\"og:site_name\" content=\"Ignacio Bartesaghi\" \/>\n<meta property=\"article:published_time\" content=\"2026-08-02T17:06:40+00:00\" \/>\n<meta property=\"article:modified_time\" content=\"2026-08-02T17:06:41+00:00\" \/>\n<meta property=\"og:image\" content=\"https:\/\/ibartesaghi.com\/wp\/wp-content\/uploads\/2023\/07\/Montevideo-Portal.jpg\" \/>\n\t<meta property=\"og:image:width\" content=\"933\" \/>\n\t<meta property=\"og:image:height\" content=\"613\" \/>\n<meta name=\"twitter:card\" content=\"summary_large_image\" \/>\n<meta name=\"twitter:label1\" content=\"Tiempo de lectura\">\n\t<meta name=\"twitter:data1\" content=\"1 minuto\">\n<script type=\"application\/ld+json\" class=\"yoast-schema-graph\">{\"@context\":\"https:\/\/schema.org\",\"@graph\":[{\"@type\":\"WebSite\",\"@id\":\"https:\/\/ibartesaghi.com\/wp\/#website\",\"url\":\"https:\/\/ibartesaghi.com\/wp\/\",\"name\":\"Ignacio Bartesaghi\",\"description\":\"Consultor Internacional\",\"potentialAction\":[{\"@type\":\"SearchAction\",\"target\":\"https:\/\/ibartesaghi.com\/wp\/?s={search_term_string}\",\"query-input\":\"required name=search_term_string\"}],\"inLanguage\":\"es\"},{\"@type\":\"ImageObject\",\"@id\":\"https:\/\/ibartesaghi.com\/wp\/2026\/08\/02\/bartesaghi-uruguay-tiene-que-seguir-sosteniendo-su-estrategia-regional-ante-el-acuerdo-con-la-union-europea\/#primaryimage\",\"inLanguage\":\"es\",\"url\":\"https:\/\/ibartesaghi.com\/wp\/wp-content\/uploads\/2023\/07\/Montevideo-Portal.jpg\",\"width\":933,\"height\":613},{\"@type\":\"WebPage\",\"@id\":\"https:\/\/ibartesaghi.com\/wp\/2026\/08\/02\/bartesaghi-uruguay-tiene-que-seguir-sosteniendo-su-estrategia-regional-ante-el-acuerdo-con-la-union-europea\/#webpage\",\"url\":\"https:\/\/ibartesaghi.com\/wp\/2026\/08\/02\/bartesaghi-uruguay-tiene-que-seguir-sosteniendo-su-estrategia-regional-ante-el-acuerdo-con-la-union-europea\/\",\"name\":\"Bartesaghi: \\u201cUruguay tiene que seguir sosteniendo su estrategia regional\\u201d ante el acuerdo con la Uni\\u00f3n Europea - Ignacio Bartesaghi\",\"isPartOf\":{\"@id\":\"https:\/\/ibartesaghi.com\/wp\/#website\"},\"primaryImageOfPage\":{\"@id\":\"https:\/\/ibartesaghi.com\/wp\/2026\/08\/02\/bartesaghi-uruguay-tiene-que-seguir-sosteniendo-su-estrategia-regional-ante-el-acuerdo-con-la-union-europea\/#primaryimage\"},\"datePublished\":\"2026-08-02T17:06:40+00:00\",\"dateModified\":\"2026-08-02T17:06:41+00:00\",\"author\":{\"@id\":\"https:\/\/ibartesaghi.com\/wp\/#\/schema\/person\/746b61deec84b7ec34b5e364a26d584f\"},\"description\":\"Bartesaghi analiza los principales desaf\\u00edos que enfrenta Uruguay en sus relaciones externas.\",\"breadcrumb\":{\"@id\":\"https:\/\/ibartesaghi.com\/wp\/2026\/08\/02\/bartesaghi-uruguay-tiene-que-seguir-sosteniendo-su-estrategia-regional-ante-el-acuerdo-con-la-union-europea\/#breadcrumb\"},\"inLanguage\":\"es\",\"potentialAction\":[{\"@type\":\"ReadAction\",\"target\":[\"https:\/\/ibartesaghi.com\/wp\/2026\/08\/02\/bartesaghi-uruguay-tiene-que-seguir-sosteniendo-su-estrategia-regional-ante-el-acuerdo-con-la-union-europea\/\"]}]},{\"@type\":\"BreadcrumbList\",\"@id\":\"https:\/\/ibartesaghi.com\/wp\/2026\/08\/02\/bartesaghi-uruguay-tiene-que-seguir-sosteniendo-su-estrategia-regional-ante-el-acuerdo-con-la-union-europea\/#breadcrumb\",\"itemListElement\":[{\"@type\":\"ListItem\",\"position\":1,\"item\":{\"@type\":\"WebPage\",\"@id\":\"https:\/\/ibartesaghi.com\/wp\/\",\"url\":\"https:\/\/ibartesaghi.com\/wp\/\",\"name\":\"Portada\"}},{\"@type\":\"ListItem\",\"position\":2,\"item\":{\"@type\":\"WebPage\",\"@id\":\"https:\/\/ibartesaghi.com\/wp\/2026\/08\/02\/bartesaghi-uruguay-tiene-que-seguir-sosteniendo-su-estrategia-regional-ante-el-acuerdo-con-la-union-europea\/\",\"url\":\"https:\/\/ibartesaghi.com\/wp\/2026\/08\/02\/bartesaghi-uruguay-tiene-que-seguir-sosteniendo-su-estrategia-regional-ante-el-acuerdo-con-la-union-europea\/\",\"name\":\"Bartesaghi: \\u201cUruguay tiene que seguir sosteniendo su estrategia regional\\u201d ante el acuerdo con la Uni\\u00f3n Europea\"}}]},{\"@type\":\"Person\",\"@id\":\"https:\/\/ibartesaghi.com\/wp\/#\/schema\/person\/746b61deec84b7ec34b5e364a26d584f\",\"name\":\"Prensa\",\"image\":{\"@type\":\"ImageObject\",\"@id\":\"https:\/\/ibartesaghi.com\/wp\/#personlogo\",\"inLanguage\":\"es\",\"url\":\"https:\/\/secure.gravatar.com\/avatar\/32940194e861268fe66e6acaf9a12842?s=96&d=mm&r=g\",\"caption\":\"Prensa\"}}]}<\/script>\n<!-- \/ Yoast SEO plugin. -->","_links":{"self":[{"href":"https:\/\/ibartesaghi.com\/wp\/wp-json\/wp\/v2\/posts\/2686"}],"collection":[{"href":"https:\/\/ibartesaghi.com\/wp\/wp-json\/wp\/v2\/posts"}],"about":[{"href":"https:\/\/ibartesaghi.com\/wp\/wp-json\/wp\/v2\/types\/post"}],"author":[{"embeddable":true,"href":"https:\/\/ibartesaghi.com\/wp\/wp-json\/wp\/v2\/users\/3"}],"replies":[{"embeddable":true,"href":"https:\/\/ibartesaghi.com\/wp\/wp-json\/wp\/v2\/comments?post=2686"}],"version-history":[{"count":1,"href":"https:\/\/ibartesaghi.com\/wp\/wp-json\/wp\/v2\/posts\/2686\/revisions"}],"predecessor-version":[{"id":2687,"href":"https:\/\/ibartesaghi.com\/wp\/wp-json\/wp\/v2\/posts\/2686\/revisions\/2687"}],"wp:featuredmedia":[{"embeddable":true,"href":"https:\/\/ibartesaghi.com\/wp\/wp-json\/wp\/v2\/media\/2025"}],"wp:attachment":[{"href":"https:\/\/ibartesaghi.com\/wp\/wp-json\/wp\/v2\/media?parent=2686"}],"wp:term":[{"taxonomy":"category","embeddable":true,"href":"https:\/\/ibartesaghi.com\/wp\/wp-json\/wp\/v2\/categories?post=2686"},{"taxonomy":"post_tag","embeddable":true,"href":"https:\/\/ibartesaghi.com\/wp\/wp-json\/wp\/v2\/tags?post=2686"}],"curies":[{"name":"wp","href":"https:\/\/api.w.org\/{rel}","templated":true}]}}