{"id":2607,"date":"2026-03-19T11:38:46","date_gmt":"2026-03-19T11:38:46","guid":{"rendered":"https:\/\/ibartesaghi.com\/wp\/?p=2607"},"modified":"2026-03-19T11:38:47","modified_gmt":"2026-03-19T11:38:47","slug":"uruguay-esta-en-una-situacion-incomoda-con-estados-unidos","status":"publish","type":"post","link":"https:\/\/ibartesaghi.com\/wp\/2026\/03\/19\/uruguay-esta-en-una-situacion-incomoda-con-estados-unidos\/","title":{"rendered":"\u201cUruguay est\u00e1 en una situaci\u00f3n inc\u00f3moda con Estados Unidos\u201d"},"content":{"rendered":"<div class=\"vlp-link-container vlp-template-default wp-block-visual-link-preview-link\">\n\t<a href=\"https:\/\/www.xn--lamaana-7za.uy\/internacional\/uruguay-esta-en-una-situacion-incomoda-con-estados-unidos\/\" class=\"vlp-link\" title=\"\u201cUruguay est\u00e1 en una situaci\u00f3n inc\u00f3moda con Estados Unidos\u201d | La Ma\u00f1ana\" rel=\"nofollow\" target=\"_blank\"><\/a>\t\t<div class=\"vlp-link-image-container\">\n\t\t<div class=\"vlp-link-image\">\n\t\t\t<img decoding=\"async\" src=\"https:\/\/www.xn--lamaana-7za.uy\/wp-content\/uploads\/2026\/03\/ESTADOS-UNIDOS-Y-URUGUAY-e1773772166646.jpg\" style=\"max-width: 150px; max-height: 150px\" \/>\t\t<\/div>\n\t<\/div>\n\t\t<div class=\"vlp-link-text-container\">\n\t\t\t\t<div class=\"vlp-link-title\">\n\t\t\t\u201cUruguay est\u00e1 en una situaci\u00f3n inc\u00f3moda con Estados Unidos\u201d | La Ma\u00f1ana\t\t<\/div>\n\t\t\t\t\t\t<div class=\"vlp-link-summary\">\n\t\t\tEl doctor Ignacio Bartesaghi, experto en Relaciones Internacionales y director del Instituto de Comercio Internacional de la Universidad Cat\u00f3lica del Uruguay, se\u00f1al\u00f3 a La Ma\u00f1ana que la inclusi\u00f3n de Uruguay en listas estadounidenses como en temas de migraci\u00f3n responde en parte a una carga pol\u00edtica derivada de posturas regionales del gobierno uruguayo. Recomend\u00f3 bajar el\t\t<\/div>\n\t\t\t<\/div>\n<\/div>\n","protected":false},"excerpt":{"rendered":"","protected":false},"author":3,"featured_media":2608,"comment_status":"closed","ping_status":"open","sticky":false,"template":"","format":"standard","meta":{"_monsterinsights_skip_tracking":false,"_monsterinsights_sitenote_active":false,"_monsterinsights_sitenote_note":"","_monsterinsights_sitenote_category":0,"spay_email":""},"categories":[16,14],"tags":[],"jetpack_featured_media_url":"https:\/\/ibartesaghi.com\/wp\/wp-content\/uploads\/2026\/03\/La-Manana-USA.jpg","yoast_head":"<!-- This site is optimized with the Yoast SEO plugin v15.9 - https:\/\/yoast.com\/wordpress\/plugins\/seo\/ -->\n<title>\u201cUruguay est\u00e1 en una situaci\u00f3n inc\u00f3moda con Estados Unidos\u201d - Ignacio Bartesaghi<\/title>\n<meta name=\"description\" content=\"Bartesaghi es entrevistado sobre los desaf\u00edos que enfrenta Uruguay en su pol\u00edtica exterior y en especial en el v\u00ednculo con Estados Unidos.\" \/>\n<meta name=\"robots\" content=\"index, follow, max-snippet:-1, max-image-preview:large, max-video-preview:-1\" \/>\n<link rel=\"canonical\" href=\"https:\/\/ibartesaghi.com\/wp\/2026\/03\/19\/uruguay-esta-en-una-situacion-incomoda-con-estados-unidos\/\" \/>\n<meta property=\"og:locale\" content=\"es_ES\" \/>\n<meta property=\"og:type\" content=\"article\" \/>\n<meta property=\"og:title\" content=\"\u201cUruguay est\u00e1 en una situaci\u00f3n inc\u00f3moda con Estados Unidos\u201d - Ignacio Bartesaghi\" \/>\n<meta property=\"og:description\" content=\"Bartesaghi es entrevistado sobre los desaf\u00edos que enfrenta Uruguay en su pol\u00edtica exterior y en especial en el v\u00ednculo con Estados Unidos.\" \/>\n<meta property=\"og:url\" content=\"https:\/\/ibartesaghi.com\/wp\/2026\/03\/19\/uruguay-esta-en-una-situacion-incomoda-con-estados-unidos\/\" \/>\n<meta property=\"og:site_name\" content=\"Ignacio Bartesaghi\" \/>\n<meta property=\"article:published_time\" content=\"2026-03-19T11:38:46+00:00\" \/>\n<meta property=\"article:modified_time\" content=\"2026-03-19T11:38:47+00:00\" \/>\n<meta property=\"og:image\" content=\"https:\/\/ibartesaghi.com\/wp\/wp-content\/uploads\/2026\/03\/La-Manana-USA.jpg\" \/>\n\t<meta property=\"og:image:width\" content=\"750\" \/>\n\t<meta property=\"og:image:height\" content=\"375\" \/>\n<meta name=\"twitter:card\" content=\"summary_large_image\" \/>\n<meta name=\"twitter:label1\" content=\"Tiempo de lectura\">\n\t<meta name=\"twitter:data1\" content=\"1 minuto\">\n<script type=\"application\/ld+json\" class=\"yoast-schema-graph\">{\"@context\":\"https:\/\/schema.org\",\"@graph\":[{\"@type\":\"WebSite\",\"@id\":\"https:\/\/ibartesaghi.com\/wp\/#website\",\"url\":\"https:\/\/ibartesaghi.com\/wp\/\",\"name\":\"Ignacio Bartesaghi\",\"description\":\"Consultor Internacional\",\"potentialAction\":[{\"@type\":\"SearchAction\",\"target\":\"https:\/\/ibartesaghi.com\/wp\/?s={search_term_string}\",\"query-input\":\"required name=search_term_string\"}],\"inLanguage\":\"es\"},{\"@type\":\"ImageObject\",\"@id\":\"https:\/\/ibartesaghi.com\/wp\/2026\/03\/19\/uruguay-esta-en-una-situacion-incomoda-con-estados-unidos\/#primaryimage\",\"inLanguage\":\"es\",\"url\":\"https:\/\/ibartesaghi.com\/wp\/wp-content\/uploads\/2026\/03\/La-Manana-USA.jpg\",\"width\":750,\"height\":375},{\"@type\":\"WebPage\",\"@id\":\"https:\/\/ibartesaghi.com\/wp\/2026\/03\/19\/uruguay-esta-en-una-situacion-incomoda-con-estados-unidos\/#webpage\",\"url\":\"https:\/\/ibartesaghi.com\/wp\/2026\/03\/19\/uruguay-esta-en-una-situacion-incomoda-con-estados-unidos\/\",\"name\":\"\\u201cUruguay est\\u00e1 en una situaci\\u00f3n inc\\u00f3moda con Estados Unidos\\u201d - Ignacio Bartesaghi\",\"isPartOf\":{\"@id\":\"https:\/\/ibartesaghi.com\/wp\/#website\"},\"primaryImageOfPage\":{\"@id\":\"https:\/\/ibartesaghi.com\/wp\/2026\/03\/19\/uruguay-esta-en-una-situacion-incomoda-con-estados-unidos\/#primaryimage\"},\"datePublished\":\"2026-03-19T11:38:46+00:00\",\"dateModified\":\"2026-03-19T11:38:47+00:00\",\"author\":{\"@id\":\"https:\/\/ibartesaghi.com\/wp\/#\/schema\/person\/746b61deec84b7ec34b5e364a26d584f\"},\"description\":\"Bartesaghi es entrevistado sobre los desaf\\u00edos que enfrenta Uruguay en su pol\\u00edtica exterior y en especial en el v\\u00ednculo con Estados Unidos.\",\"breadcrumb\":{\"@id\":\"https:\/\/ibartesaghi.com\/wp\/2026\/03\/19\/uruguay-esta-en-una-situacion-incomoda-con-estados-unidos\/#breadcrumb\"},\"inLanguage\":\"es\",\"potentialAction\":[{\"@type\":\"ReadAction\",\"target\":[\"https:\/\/ibartesaghi.com\/wp\/2026\/03\/19\/uruguay-esta-en-una-situacion-incomoda-con-estados-unidos\/\"]}]},{\"@type\":\"BreadcrumbList\",\"@id\":\"https:\/\/ibartesaghi.com\/wp\/2026\/03\/19\/uruguay-esta-en-una-situacion-incomoda-con-estados-unidos\/#breadcrumb\",\"itemListElement\":[{\"@type\":\"ListItem\",\"position\":1,\"item\":{\"@type\":\"WebPage\",\"@id\":\"https:\/\/ibartesaghi.com\/wp\/\",\"url\":\"https:\/\/ibartesaghi.com\/wp\/\",\"name\":\"Portada\"}},{\"@type\":\"ListItem\",\"position\":2,\"item\":{\"@type\":\"WebPage\",\"@id\":\"https:\/\/ibartesaghi.com\/wp\/2026\/03\/19\/uruguay-esta-en-una-situacion-incomoda-con-estados-unidos\/\",\"url\":\"https:\/\/ibartesaghi.com\/wp\/2026\/03\/19\/uruguay-esta-en-una-situacion-incomoda-con-estados-unidos\/\",\"name\":\"\\u201cUruguay est\\u00e1 en una situaci\\u00f3n inc\\u00f3moda con Estados Unidos\\u201d\"}}]},{\"@type\":\"Person\",\"@id\":\"https:\/\/ibartesaghi.com\/wp\/#\/schema\/person\/746b61deec84b7ec34b5e364a26d584f\",\"name\":\"Prensa\",\"image\":{\"@type\":\"ImageObject\",\"@id\":\"https:\/\/ibartesaghi.com\/wp\/#personlogo\",\"inLanguage\":\"es\",\"url\":\"https:\/\/secure.gravatar.com\/avatar\/32940194e861268fe66e6acaf9a12842?s=96&d=mm&r=g\",\"caption\":\"Prensa\"}}]}<\/script>\n<!-- \/ Yoast SEO plugin. -->","_links":{"self":[{"href":"https:\/\/ibartesaghi.com\/wp\/wp-json\/wp\/v2\/posts\/2607"}],"collection":[{"href":"https:\/\/ibartesaghi.com\/wp\/wp-json\/wp\/v2\/posts"}],"about":[{"href":"https:\/\/ibartesaghi.com\/wp\/wp-json\/wp\/v2\/types\/post"}],"author":[{"embeddable":true,"href":"https:\/\/ibartesaghi.com\/wp\/wp-json\/wp\/v2\/users\/3"}],"replies":[{"embeddable":true,"href":"https:\/\/ibartesaghi.com\/wp\/wp-json\/wp\/v2\/comments?post=2607"}],"version-history":[{"count":1,"href":"https:\/\/ibartesaghi.com\/wp\/wp-json\/wp\/v2\/posts\/2607\/revisions"}],"predecessor-version":[{"id":2609,"href":"https:\/\/ibartesaghi.com\/wp\/wp-json\/wp\/v2\/posts\/2607\/revisions\/2609"}],"wp:featuredmedia":[{"embeddable":true,"href":"https:\/\/ibartesaghi.com\/wp\/wp-json\/wp\/v2\/media\/2608"}],"wp:attachment":[{"href":"https:\/\/ibartesaghi.com\/wp\/wp-json\/wp\/v2\/media?parent=2607"}],"wp:term":[{"taxonomy":"category","embeddable":true,"href":"https:\/\/ibartesaghi.com\/wp\/wp-json\/wp\/v2\/categories?post=2607"},{"taxonomy":"post_tag","embeddable":true,"href":"https:\/\/ibartesaghi.com\/wp\/wp-json\/wp\/v2\/tags?post=2607"}],"curies":[{"name":"wp","href":"https:\/\/api.w.org\/{rel}","templated":true}]}}