{"id":2159,"date":"2023-12-28T15:19:37","date_gmt":"2023-12-28T15:19:37","guid":{"rendered":"https:\/\/ibartesaghi.com\/wp\/?p=2159"},"modified":"2023-12-28T15:19:38","modified_gmt":"2023-12-28T15:19:38","slug":"uruguay-en-el-mercosur-estamos-mejor-que-hace-tres-o-cuatro-semanas-dijo-bartesaghi","status":"publish","type":"post","link":"https:\/\/ibartesaghi.com\/wp\/2023\/12\/28\/uruguay-en-el-mercosur-estamos-mejor-que-hace-tres-o-cuatro-semanas-dijo-bartesaghi\/","title":{"rendered":"Uruguay en el Mercosur: &#8220;estamos mejor que hace tres o cuatro semanas&#8221;, dijo Bartesaghi"},"content":{"rendered":"<div class=\"vlp-link-container vlp-template-default wp-block-visual-link-preview-link\">\n\t<a href=\"https:\/\/espectador.com\/dinamicarural\/comercio_exterior\/uruguay-en-el-mercosur-estamos-mejor-que-hace-tres-o-cuatro-semanas-dijo-bartesaghi\" class=\"vlp-link\" title=\"Uruguay en el Mercosur: estamos mejor que hace tres o cuatro semanas, dijo Bartesaghi\" rel=\"nofollow\" target=\"_blank\"><\/a>\t\t<div class=\"vlp-link-image-container\">\n\t\t<div class=\"vlp-link-image\">\n\t\t\t<img decoding=\"async\" src=\"https:\/\/cdn.espectador.com\/810redes\/34\/34697.jpg?rand=1389429682\" style=\"max-width: 150px; max-height: 150px\" \/>\t\t<\/div>\n\t<\/div>\n\t\t<div class=\"vlp-link-text-container\">\n\t\t\t\t<div class=\"vlp-link-title\">\n\t\t\tUruguay en el Mercosur: estamos mejor que hace tres o cuatro semanas, dijo Bartesaghi\t\t<\/div>\n\t\t\t\t\t\t<div class=\"vlp-link-summary\">\n\t\t\tEl cambio de gobierno en Argentina y la actitud de un Brasil que vuelve a mirar hacia Uruguay, mejoran en algo el escenario para el pa\u00eds dentro del bloque, seg\u00fan la opini\u00f3n del doctor en relaciones internacionales Ignacio Bartesaghi tras la cumbre de jefes de estado desarrollada la pasada semana. Fue una cumbre muy sincera, dijo, apuntando que se confirmaron las diferentes visiones que se tienen sobre el bloque. Respecto al pedido de Luis Lacalle Pou para avanzar en negociaciones con China, Bartesaghi entiende que, con la asunci\u00f3n de Javier Milei, Uruguay tiene ahora una nueva posibilidad. Esto se da en un contexto en el que el pa\u00eds, despu\u00e9s de la reciente visita a China, tiene mayor claridad sobre lo que necesita, mientras que, en otros frentes, Lacalle Pou y Lula manifestaron cierta sinton\u00eda. Es que Brasil, ante el cambio de gobierno en Argentina, vuelve a mirar hacia Uruguay. Bartesaghi se refiri\u00f3 a la importancia de cuidar la relaci\u00f3n con Brasil, al tiempo que analiz\u00f3 el margen de Javier Milei para implementar las medidas de shock anunciadas. No va ser f\u00e1cil, porque depender\u00e1 de cu\u00e1nto aguante la poblaci\u00f3n, dijo.\t\t<\/div>\n\t\t\t<\/div>\n<\/div>\n","protected":false},"excerpt":{"rendered":"","protected":false},"author":3,"featured_media":2011,"comment_status":"closed","ping_status":"open","sticky":false,"template":"","format":"standard","meta":{"_monsterinsights_skip_tracking":false,"_monsterinsights_sitenote_active":false,"_monsterinsights_sitenote_note":"","_monsterinsights_sitenote_category":0,"spay_email":""},"categories":[11,70,69,58,7,14],"tags":[],"jetpack_featured_media_url":"https:\/\/ibartesaghi.com\/wp\/wp-content\/uploads\/2023\/06\/Azul.jpg","yoast_head":"<!-- This site is optimized with the Yoast SEO plugin v15.9 - https:\/\/yoast.com\/wordpress\/plugins\/seo\/ -->\n<title>Uruguay en el Mercosur: &quot;estamos mejor que hace tres o cuatro semanas&quot;, dijo Bartesaghi - Ignacio Bartesaghi<\/title>\n<meta name=\"robots\" content=\"index, follow, max-snippet:-1, max-image-preview:large, max-video-preview:-1\" \/>\n<link rel=\"canonical\" href=\"https:\/\/ibartesaghi.com\/wp\/2023\/12\/28\/uruguay-en-el-mercosur-estamos-mejor-que-hace-tres-o-cuatro-semanas-dijo-bartesaghi\/\" \/>\n<meta property=\"og:locale\" content=\"es_ES\" \/>\n<meta property=\"og:type\" content=\"article\" \/>\n<meta property=\"og:title\" content=\"Uruguay en el Mercosur: &quot;estamos mejor que hace tres o cuatro semanas&quot;, dijo Bartesaghi - Ignacio Bartesaghi\" \/>\n<meta property=\"og:url\" content=\"https:\/\/ibartesaghi.com\/wp\/2023\/12\/28\/uruguay-en-el-mercosur-estamos-mejor-que-hace-tres-o-cuatro-semanas-dijo-bartesaghi\/\" \/>\n<meta property=\"og:site_name\" content=\"Ignacio Bartesaghi\" \/>\n<meta property=\"article:published_time\" content=\"2023-12-28T15:19:37+00:00\" \/>\n<meta property=\"article:modified_time\" content=\"2023-12-28T15:19:38+00:00\" \/>\n<meta property=\"og:image\" content=\"https:\/\/ibartesaghi.com\/wp\/wp-content\/uploads\/2023\/06\/Azul.jpg\" \/>\n\t<meta property=\"og:image:width\" content=\"960\" \/>\n\t<meta property=\"og:image:height\" content=\"540\" \/>\n<meta name=\"twitter:card\" content=\"summary_large_image\" \/>\n<meta name=\"twitter:label1\" content=\"Tiempo de lectura\">\n\t<meta name=\"twitter:data1\" content=\"2 minutos\">\n<script type=\"application\/ld+json\" class=\"yoast-schema-graph\">{\"@context\":\"https:\/\/schema.org\",\"@graph\":[{\"@type\":\"WebSite\",\"@id\":\"https:\/\/ibartesaghi.com\/wp\/#website\",\"url\":\"https:\/\/ibartesaghi.com\/wp\/\",\"name\":\"Ignacio Bartesaghi\",\"description\":\"Consultor Internacional\",\"potentialAction\":[{\"@type\":\"SearchAction\",\"target\":\"https:\/\/ibartesaghi.com\/wp\/?s={search_term_string}\",\"query-input\":\"required name=search_term_string\"}],\"inLanguage\":\"es\"},{\"@type\":\"ImageObject\",\"@id\":\"https:\/\/ibartesaghi.com\/wp\/2023\/12\/28\/uruguay-en-el-mercosur-estamos-mejor-que-hace-tres-o-cuatro-semanas-dijo-bartesaghi\/#primaryimage\",\"inLanguage\":\"es\",\"url\":\"https:\/\/ibartesaghi.com\/wp\/wp-content\/uploads\/2023\/06\/Azul.jpg\",\"width\":960,\"height\":540},{\"@type\":\"WebPage\",\"@id\":\"https:\/\/ibartesaghi.com\/wp\/2023\/12\/28\/uruguay-en-el-mercosur-estamos-mejor-que-hace-tres-o-cuatro-semanas-dijo-bartesaghi\/#webpage\",\"url\":\"https:\/\/ibartesaghi.com\/wp\/2023\/12\/28\/uruguay-en-el-mercosur-estamos-mejor-que-hace-tres-o-cuatro-semanas-dijo-bartesaghi\/\",\"name\":\"Uruguay en el Mercosur: \\\"estamos mejor que hace tres o cuatro semanas\\\", dijo Bartesaghi - Ignacio Bartesaghi\",\"isPartOf\":{\"@id\":\"https:\/\/ibartesaghi.com\/wp\/#website\"},\"primaryImageOfPage\":{\"@id\":\"https:\/\/ibartesaghi.com\/wp\/2023\/12\/28\/uruguay-en-el-mercosur-estamos-mejor-que-hace-tres-o-cuatro-semanas-dijo-bartesaghi\/#primaryimage\"},\"datePublished\":\"2023-12-28T15:19:37+00:00\",\"dateModified\":\"2023-12-28T15:19:38+00:00\",\"author\":{\"@id\":\"https:\/\/ibartesaghi.com\/wp\/#\/schema\/person\/746b61deec84b7ec34b5e364a26d584f\"},\"breadcrumb\":{\"@id\":\"https:\/\/ibartesaghi.com\/wp\/2023\/12\/28\/uruguay-en-el-mercosur-estamos-mejor-que-hace-tres-o-cuatro-semanas-dijo-bartesaghi\/#breadcrumb\"},\"inLanguage\":\"es\",\"potentialAction\":[{\"@type\":\"ReadAction\",\"target\":[\"https:\/\/ibartesaghi.com\/wp\/2023\/12\/28\/uruguay-en-el-mercosur-estamos-mejor-que-hace-tres-o-cuatro-semanas-dijo-bartesaghi\/\"]}]},{\"@type\":\"BreadcrumbList\",\"@id\":\"https:\/\/ibartesaghi.com\/wp\/2023\/12\/28\/uruguay-en-el-mercosur-estamos-mejor-que-hace-tres-o-cuatro-semanas-dijo-bartesaghi\/#breadcrumb\",\"itemListElement\":[{\"@type\":\"ListItem\",\"position\":1,\"item\":{\"@type\":\"WebPage\",\"@id\":\"https:\/\/ibartesaghi.com\/wp\/\",\"url\":\"https:\/\/ibartesaghi.com\/wp\/\",\"name\":\"Portada\"}},{\"@type\":\"ListItem\",\"position\":2,\"item\":{\"@type\":\"WebPage\",\"@id\":\"https:\/\/ibartesaghi.com\/wp\/2023\/12\/28\/uruguay-en-el-mercosur-estamos-mejor-que-hace-tres-o-cuatro-semanas-dijo-bartesaghi\/\",\"url\":\"https:\/\/ibartesaghi.com\/wp\/2023\/12\/28\/uruguay-en-el-mercosur-estamos-mejor-que-hace-tres-o-cuatro-semanas-dijo-bartesaghi\/\",\"name\":\"Uruguay en el Mercosur: &#8220;estamos mejor que hace tres o cuatro semanas&#8221;, dijo Bartesaghi\"}}]},{\"@type\":\"Person\",\"@id\":\"https:\/\/ibartesaghi.com\/wp\/#\/schema\/person\/746b61deec84b7ec34b5e364a26d584f\",\"name\":\"Prensa\",\"image\":{\"@type\":\"ImageObject\",\"@id\":\"https:\/\/ibartesaghi.com\/wp\/#personlogo\",\"inLanguage\":\"es\",\"url\":\"https:\/\/secure.gravatar.com\/avatar\/32940194e861268fe66e6acaf9a12842?s=96&d=mm&r=g\",\"caption\":\"Prensa\"}}]}<\/script>\n<!-- \/ Yoast SEO plugin. -->","_links":{"self":[{"href":"https:\/\/ibartesaghi.com\/wp\/wp-json\/wp\/v2\/posts\/2159"}],"collection":[{"href":"https:\/\/ibartesaghi.com\/wp\/wp-json\/wp\/v2\/posts"}],"about":[{"href":"https:\/\/ibartesaghi.com\/wp\/wp-json\/wp\/v2\/types\/post"}],"author":[{"embeddable":true,"href":"https:\/\/ibartesaghi.com\/wp\/wp-json\/wp\/v2\/users\/3"}],"replies":[{"embeddable":true,"href":"https:\/\/ibartesaghi.com\/wp\/wp-json\/wp\/v2\/comments?post=2159"}],"version-history":[{"count":1,"href":"https:\/\/ibartesaghi.com\/wp\/wp-json\/wp\/v2\/posts\/2159\/revisions"}],"predecessor-version":[{"id":2160,"href":"https:\/\/ibartesaghi.com\/wp\/wp-json\/wp\/v2\/posts\/2159\/revisions\/2160"}],"wp:featuredmedia":[{"embeddable":true,"href":"https:\/\/ibartesaghi.com\/wp\/wp-json\/wp\/v2\/media\/2011"}],"wp:attachment":[{"href":"https:\/\/ibartesaghi.com\/wp\/wp-json\/wp\/v2\/media?parent=2159"}],"wp:term":[{"taxonomy":"category","embeddable":true,"href":"https:\/\/ibartesaghi.com\/wp\/wp-json\/wp\/v2\/categories?post=2159"},{"taxonomy":"post_tag","embeddable":true,"href":"https:\/\/ibartesaghi.com\/wp\/wp-json\/wp\/v2\/tags?post=2159"}],"curies":[{"name":"wp","href":"https:\/\/api.w.org\/{rel}","templated":true}]}}